{"id":4925,"date":"2024-02-24T12:30:52","date_gmt":"2024-02-24T11:30:52","guid":{"rendered":"https:\/\/eskp.hu\/?p=4925"},"modified":"2024-02-24T13:21:28","modified_gmt":"2024-02-24T12:21:28","slug":"szombat","status":"publish","type":"post","link":"https:\/\/eskp.hu\/index.php\/2024\/02\/24\/szombat\/","title":{"rendered":"Az Alexander technik\u00e1r\u00f3l &#8211; szubjekt\u00edven :-)"},"content":{"rendered":"\n<p>Mi\u00e9rt is kell nek\u00fcnk olyasmi, mint az Alexander technika:<\/p>\n\n\n\n<p>Felgyorsult vil\u00e1gunkban a fizikai \u00e9s ment\u00e1lis alkalmazkod\u00e1s a megv\u00e1ltozott k\u00f6rnyezet\u00fcnkh\u00f6z kev\u00e9sb\u00e9 harmonikus, mint az emberis\u00e9g evol\u00faci\u00f3j\u00e1nak kor\u00e1bbi szakasz\u00e1ban. Megesik, hogy id\u0151vel fizikailag idomulunk a napi 8-10 \u00f3r\u00e1s \u00fccs\u00f6rg\u00e9shez, a kev\u00e9s mozg\u00e1shoz, a napi sok-sok \u00f3r\u00e1s monitor \u00e9s telefon n\u00e9zeget\u00e9shez, de jelenleg \u00fagy n\u00e9z ki, hogy minden igyekezet\u00fcnk ellen\u00e9re ezt a test\u00fcnk, elm\u00e9nk nem toler\u00e1lja. Ez a n\u00e9pbetegs\u00e9gnek sz\u00e1m\u00edt\u00f3 testi t\u00fcnetek is mutatj\u00e1k: nyak, h\u00e1t \u00e9s der\u00e9kf\u00e1j\u00e1s, cs\u00edp\u0151- \u00e9s t\u00e9rdiz\u00fcleti probl\u00e9m\u00e1k stb. Sokszor csak zavar\u00f3ak, kellemetlenek, de van amikor csontkov\u00e1cs, massz\u0151r, f\u00e1jdalomcsillap\u00edt\u00f3k, m\u0171t\u00e9tek n\u00e9lk\u00fcl elviselhetetlenek.<\/p>\n\n\n\n<p>\u00dagy n\u00e9z ki, hogy ha a hegy nem megy Mohamedhez\u2026 akkor nek\u00fcnk kell megtal\u00e1lni az utat ahhoz, mik\u00e9nt haszn\u00e1ljuk magunkat itt, lassan a XXI. sz\u00e1zad derek\u00e1n, hogy komfortosan tudjuk \u00e9lni az \u00e9let\u00fcnket.<\/p>\n\n\n\n<p>Itt j\u00f6nnek a k\u00e9pbe azok a m\u00f3dszerek, amik abban seg\u00edtenek, hogy megtal\u00e1ljuk ezt az utat, \u00fagy haszn\u00e1ljuk magunkat, a test\u00fcnket, hogy k\u00f6zel\u00edts\u00fcnk a testhaszn\u00e1latunkkal egy harmonikus, kiegyens\u00falyozott,&nbsp;<\/p>\n\n\n\n<p>Legink\u00e1bb 3 f\u00e9lek\u00e9ppen tal\u00e1lkozhatunk az Alexander m\u00f3dszerrel.<\/p>\n\n\n\n<p>Ha valaki m\u00e1r hallott r\u00f3la, \u00e9s \u00fagy d\u00f6nt\u00f6tt, szeretn\u00e9 megtanulni, amit egy AT tan\u00e1r tud adni, azok egy\u00e9ni \u00f3r\u00e1ra j\u00e1rnak, ritk\u00e1bban csoportos foglalkoz\u00e1sokra.<\/p>\n\n\n\n<p>K\u00f6vetkez\u0151 l\u00e9p\u00e9s, ha valaki tan\u00e1rk\u00e9pz\u00e9sben szeretne tov\u00e1bb foglalkozni a t\u00e9m\u00e1val, majd tov\u00e1bbadni a tud\u00e1st.<\/p>\n\n\n\n<p>A harmadik lehet\u0151s\u00e9g, ha olyan rendezv\u00e9nybe sikert\u00fcl belefutni, ahol az Alexander technika is megjelenik valamilyen m\u00f3don.<\/p>\n\n\n\n<p>Mire is ad lehet\u0151s\u00e9get ez a szombAt d\u00e9lel\u0151tt: az Alexander technika megismer\u00e9s\u00e9re, gyakorl\u00e1sra, besz\u00e9lget\u00e9sre, mindezt k\u00f6tetlen form\u00e1ban.<\/p>\n\n\n\n<p>Ez a szombAT d\u00e9lel\u0151tt nem Alexander \u00f3ra, de mindent megtudhatsz arr\u00f3l, hogy hogyan n\u00e9z ki az \u00f3ra egy tan\u00e1rral, mi az, ami miatt \u00e9rdemes belev\u00e1gni, hogy megtanuld az Alexander m\u00f3dszert.<\/p>\n\n\n\n<p>J\u00e1rnak hozz\u00e1nk \u00e9rdekl\u0151d\u0151k, akik m\u00e9g csak most hallottak a m\u00f3dszerr\u0151l, \u00e9s szeretn\u00e9nek t\u00f6bbet tudni r\u00f3la, vannak akik m\u00e1r tapasztaltabbak, csak \u00fajabb k\u00e9rd\u00e9sek mer\u00fcltek fel benn\u00fck. De tal\u00e1lkozhatsz tan\u00e1rokkal is, akiknek j\u00f3l esik, ha v\u00e9gre vel\u00fck is dolgozik valaki.<\/p>\n\n\n\n<p>Sz\u00f3val gyere, k\u00e9rdezz, besz\u00e9lgess, tanulj, gyakorolj, seg\u00edts\u2026<\/p>\n\n\n\n<p>Ez csak egy egyszer\u0171 szombAT d\u00e9lel\u0151tt\u2026<\/p>\n","protected":false},"excerpt":{"rendered":"<p>Mi\u00e9rt is kell nek\u00fcnk olyasmi, mint az Alexander technika: Felgyorsult vil\u00e1gunkban a fizikai \u00e9s ment\u00e1lis alkalmazkod\u00e1s a megv\u00e1ltozott k\u00f6rnyezet\u00fcnkh\u00f6z kev\u00e9sb\u00e9 harmonikus, mint az emberis\u00e9g evol\u00faci\u00f3j\u00e1nak kor\u00e1bbi szakasz\u00e1ban. Megesik, hogy id\u0151vel fizikailag idomulunk a napi 8-10 \u00f3r\u00e1s \u00fccs\u00f6rg\u00e9shez, a kev\u00e9s mozg\u00e1shoz, a napi sok-sok \u00f3r\u00e1s monitor \u00e9s telefon n\u00e9zeget\u00e9shez, de jelenleg \u00fagy n\u00e9z ki, hogy minden [&hellip;]<\/p>\n","protected":false},"author":6,"featured_media":0,"comment_status":"closed","ping_status":"closed","sticky":false,"template":"","format":"standard","meta":{"footnotes":""},"categories":[139],"tags":[],"class_list":["post-4925","post","type-post","status-publish","format-standard","hentry","category-at-szombat-top"],"_links":{"self":[{"href":"https:\/\/eskp.hu\/index.php\/wp-json\/wp\/v2\/posts\/4925","targetHints":{"allow":["GET"]}}],"collection":[{"href":"https:\/\/eskp.hu\/index.php\/wp-json\/wp\/v2\/posts"}],"about":[{"href":"https:\/\/eskp.hu\/index.php\/wp-json\/wp\/v2\/types\/post"}],"author":[{"embeddable":true,"href":"https:\/\/eskp.hu\/index.php\/wp-json\/wp\/v2\/users\/6"}],"replies":[{"embeddable":true,"href":"https:\/\/eskp.hu\/index.php\/wp-json\/wp\/v2\/comments?post=4925"}],"version-history":[{"count":6,"href":"https:\/\/eskp.hu\/index.php\/wp-json\/wp\/v2\/posts\/4925\/revisions"}],"predecessor-version":[{"id":4940,"href":"https:\/\/eskp.hu\/index.php\/wp-json\/wp\/v2\/posts\/4925\/revisions\/4940"}],"wp:attachment":[{"href":"https:\/\/eskp.hu\/index.php\/wp-json\/wp\/v2\/media?parent=4925"}],"wp:term":[{"taxonomy":"category","embeddable":true,"href":"https:\/\/eskp.hu\/index.php\/wp-json\/wp\/v2\/categories?post=4925"},{"taxonomy":"post_tag","embeddable":true,"href":"https:\/\/eskp.hu\/index.php\/wp-json\/wp\/v2\/tags?post=4925"}],"curies":[{"name":"wp","href":"https:\/\/api.w.org\/{rel}","templated":true}]}}